{"id":64846,"date":"2026-09-04T05:57:07","date_gmt":"2026-09-04T05:57:07","guid":{"rendered":"https:\/\/tuub.ee\/?p=64846"},"modified":"2026-09-04T22:18:24","modified_gmt":"2026-09-04T22:18:24","slug":"ohtujutud","status":"publish","type":"post","link":"https:\/\/tuub.ee\/et\/ohtujutud\/","title":{"rendered":"Unejutud"},"content":{"rendered":"<h3><span style=\"color: #393939;\">ehk TUUBi Tiiu jagab oma lemmikuid raadiosaateid ja taskuh\u00e4\u00e4linguid<br \/>\n<\/span><\/h3>\n<div>\n<div>Allolev on saanud kirja soovist koondada kokku m\u00f5nusad ja enamasti ka horisonti avardavad eestikeelsed jutusaated. L\u00f5pust leiab ka pisut uinutavat muusikat. Nimelt m\u00f5ned aastad tagasi me hakkasime s\u00f5pradega omavahel soovitama head kuulamist ja n\u00f5nda s\u00fcndis blogipostituse idee &#8211; esmalt enese p\u00e4rast, kuid lootes, et teised unetud ja\/v\u00f5i umbes samalaadi maailmatunnetusega inimesed siit kosutavat kuulamist leiavad, kas siis kokkamise ja muru niitmise k\u00f5rvale, uinumise eel v\u00f5i \u00fcksinduse hetkel. Seletan l\u00fchidalt lahti millega tegu, kasutades vahel enese ja teinekord saate loojate s\u00f5nu.<\/div>\n<\/div>\n<h4><\/h4>\n<p>&nbsp;<\/p>\n<div>\n<h4>\u00d6\u00f6\u00fclikool<\/h4>\n<p>See on minu absoluutne lemmik-saatesari. \u00d6\u00f6\u00fclikoolis r\u00e4\u00e4givad erinevad \u00f5ppej\u00f5ud ja m\u00f5tlejad rahulikul toonil inimeseks olemisest. \u00d6\u00f6\u00fclikooli algusmeloodia toob mu pulsi 10 p\u00fcgalat allapoole. V\u00f5ib \u00f6elda, et olen temaga koos kasvanud umbes alates aastast 2000 &#8211; jah, just nii vana on \u00d6\u00f6\u00fclikool. T\u00e4nukummardus toimetaja Jaan Tootsenile ja ka K\u00fclli T\u00fcli\u00a0 nimi teeb s\u00fcdame soojaks, kuigi me kunagi kohtunud ei ole. Siin n v\u00e4ike valik minu lemmikuid:<\/p>\n<ul>\n<li><strong>Nora P\u00e4rt<\/strong>: \u201e<a href=\"https:\/\/www.ylikool.ee\/loengud\/sissejuhatus-athose-puha-sofroni-juurde\" target=\"_blank\" rel=\"noopener\">Sissejuhatus Athose p\u00fcha Sofroni juurde<\/a>\u201c<br \/>\n<em>1980. aastal kohtusid Nora ja Arvo P\u00e4rt Essexi kloostris staarets Sofroniga. Kohtumine t\u00f5elise \u00f5petajaga on elu muutev s\u00fcndmus. Milline on p\u00fcha Sofroni s\u00f5num meie praegusele maailmale?<\/em><\/li>\n<li><strong>Rainer Sarnet<\/strong>: \u201e<a href=\"https:\/\/www.ylikool.ee\/loengud\/elust-ja-loomingust-1\" target=\"_blank\" rel=\"noopener\">Elust ja loomingust<\/a>\u201c ja \u201e<a href=\"https:\/\/www.ylikool.ee\/loengud\/elukaadrid\">Elukaadrid<\/a>\u201c<\/li>\n<li><strong>Doris Kareva<\/strong>: \u201e<a href=\"https:\/\/www.ylikool.ee\/loengud\/tunnete-keel\" target=\"_blank\" rel=\"noopener\">Tunnete keel<\/a>\u201c<br \/>\n<em>Maailmas on l\u00e4bi aegade paljudes keeltes loodud l\u00f5pmatu hulk luuletusi, mis k\u00f5nelevad igatsusest. Kui palju meenub aga luuletusi n\u00e4iteks kadedusest? Miks on m\u00f5nd tunnet palju kergem s\u00f5nadesse valada kui m\u00f5nd teist?<\/em><\/li>\n<li><strong>Jaan Aru<\/strong>: \u201e<a href=\"https:\/\/jupiter.err.ee\/1608877655\/ooulikool-jaan-aru-ajust-inimeseni\" target=\"_blank\" rel=\"noopener\">Ajust inimeseni<\/a>\u201c<\/li>\n<li><strong>Marju Lepaj\u00f5e<\/strong>: \u201e<a href=\"https:\/\/www.ylikool.ee\/loengud\/paavst-innocentius-iii-inimolu-viletsus\" target=\"_blank\" rel=\"noopener\">Paavst Innocentius III inimelu viletsusest<\/a>\u201c r\u00e4\u00e4gib vastava raamatu t\u00f5lkimise loost Lepaj\u00f5ele omase humooriga. \u201e<a href=\"https:\/\/www.ylikool.ee\/loengud\/miks-haridus-on-puha\" target=\"_blank\" rel=\"noopener\">Miks haridus on p\u00fcha?<\/a>\u201c K\u00f5ik, mis Marju Lepaj\u00f5e r\u00e4\u00e4kinud on minu jaoks puhas kuld, kuid temast on meile p\u00e4randiks j\u00e4\u00e4nud avalikke salvestisi kahetsusv\u00e4\u00e4rselt v\u00e4he.<\/li>\n<li><strong>Pille Valk<\/strong>: \u201e<a href=\"https:\/\/www.ylikool.ee\/loengud\/vaikesed-onnehetked\" target=\"_blank\" rel=\"noopener\">V\u00e4ikesed \u00f5nnehetked<\/a>\u201c<br \/>\n<em>Elu suuremad taipamised. Kuidas saada hakkama maailma ja iseendaga?<\/em><\/li>\n<li><strong>Sven Gr\u00fcnberg<\/strong>: \u201e<a href=\"https:\/\/www.ylikool.ee\/loengud\/mottemaastikke\" target=\"_blank\" rel=\"noopener\">M\u00f5ttemaastikke<\/a>\u201c<\/li>\n<li><strong>Mathura<\/strong>: \u201e<a href=\"https:\/\/www.ylikool.ee\/loengud\/kui-ma-utleksin-armastus\" target=\"_blank\" rel=\"noopener\">Kui ma \u00fctleksin &#8220;armastus&#8221;<\/a>\u201c<\/li>\n<li><strong>Toomas Paul<\/strong> ja <strong>T\u00f5nu \u00d5nnepalu<\/strong>: \u201e<a href=\"https:\/\/www.ylikool.ee\/loengud\/siinpool-vaikust\" target=\"_blank\" rel=\"noopener\">Siinpool vaikust<\/a>\u201c<br \/>\n<em>Teoloog Toomas Paul ja kirjanik T\u00f5nu \u00d5nnepalu m\u00f5tisklus s\u00f5nast, elust ja surmast.<\/em><\/li>\n<li><strong>Viivi Luik<\/strong>: \u201e<a href=\"https:\/\/www.ylikool.ee\/loengud\/kirjaoskus-soda-ja-elevandiluust-torn\" target=\"_blank\" rel=\"noopener\">Kirjaoskus, s\u00f5da ja elevandiluust torn<\/a>\u201c<br \/>\n<em>Kirjanik Viivi Luik r\u00e4\u00e4gib kirjaoskuse mitmet\u00e4henduslikkusest: lugemisest kui kunstist, lugemisoskuse ja kirjaoskuse tihedast seosest. Lisaks poliitilisest kirjaoskusest ja s\u00fcdame kirjaoskusest ehk siis inimeseksolemise kirjaoskusest, mis on tihedalt seotud aum\u00f5iste ja inimv\u00e4\u00e4rikuse m\u00f5istega.\u00a0<\/em><\/li>\n<li><strong>\u00dclo Vooglaid<\/strong>: \u201e<a href=\"https:\/\/www.ylikool.ee\/loengud\/pealisulesanne-3\" target=\"_blank\" rel=\"noopener\">Pealis\u00fclesanne<\/a>\u201c<br \/>\n<em><em><em>Sotsiaalteadlane \u00dclo Vooglaid k\u00f5neleb, millest k\u00fcll s\u00f5ltub see, mis paneb inimesi r\u00f5\u00f5mustama ja ka muretsema ja kurvastama.<\/em><\/em><\/em><\/li>\n<li><a href=\"https:\/\/www.ylikool.ee\/\" target=\"_blank\" rel=\"noopener\">K\u00f5ik \u00d6\u00f6\u00fclikooli saated leiad siit.<\/a><\/li>\n<\/ul>\n<p>&nbsp;<\/p>\n<h4>Eesti Lugu<\/h4>\n<p>L\u00f5putu saatesari, kus oma ala asjatundjad tutvustavad Eesti elu ja olu l\u00e4hemast ning kaugemast minevikust.<\/p>\n<ul>\n<li><strong>Tarmo Soomre<\/strong>: \u201e<a href=\"https:\/\/vikerraadio.err.ee\/1609921147\/eesti-lugu-raamatuaasta-omakirjastaja-tarmo-soomere-1\" target=\"_blank\" rel=\"noopener\">Raamatuaasta. Omakirjastaja Tarmo Soomere 1<\/a>\u201c ja\u00a0\u201e<a href=\"https:\/\/vikerraadio.err.ee\/1609928554\/eesti-lugu-raamatuaasta-omakirjastaja-tarmo-soomere-2\" target=\"_blank\" rel=\"noopener\">Raamatuaasta. Omakirjastaja Tarmo Soomere 2<\/a>\u201c<br \/>\n<em><em>Tarmo Soomere r\u00e4\u00e4gib esimeses saates sellest, millega ta tegeles veel enne seda, kui temast omakirjastuse, p\u00f5randaaluste teoste v\u00e4ljaandja ja levitaja sai. Juttu on muusikakavadest \u00f5htuste jumalateenistuste ajal, KGB huvist kristlike tudengite koosk\u00e4imiste vastu Tartus, kirikuelu p\u00e4evaprobleeme kajastavast ajakirjast ECCE ja Tarmo Soomere omakirjastustegevuse algusest.<\/em><\/em><\/li>\n<li><a href=\"https:\/\/vikerraadio.err.ee\/arhiiv\/eesti-lugu\" target=\"_blank\" rel=\"noopener\">K\u00f5ik Eesti Lugu saated leiad siit<\/a>.<\/li>\n<\/ul>\n<p>&nbsp;<\/p>\n<div>\n<h4>Hommikumaa v\u00e4gevad<\/h4>\n<p>Sari keskendub Idamaade ajaloole, m\u00fctoloogiale, kultuurile ja poliitikale.<\/p>\n<ul>\n<li><a href=\"https:\/\/vikerraadio.err.ee\/arhiiv\/hommikumaa-vagevad\" target=\"_blank\" rel=\"noopener\">Hommikumaa v\u00e4gevad saated alates uusimast<\/a><\/li>\n<\/ul>\n<p>&nbsp;<\/p>\n<h4>J\u00e4rjejutt Vikerraadios<\/h4>\n<ul>\n<li><strong>Urmas Vadi<\/strong> \u201e<a href=\"https:\/\/arhiiv.err.ee\/audio\/seeria\/jarjejutt-urmas-vadi-laviin\" target=\"_blank\" rel=\"noopener\">Laviin<\/a>\u201c<\/li>\n<li><a href=\"https:\/\/arhiiv.err.ee\/audio\/kategooria\/jarjejutt?sort=new\" target=\"_blank\" rel=\"noopener\">K\u00f5ik J\u00e4rjejutud leiad siit<\/a><\/li>\n<\/ul>\n<p>&nbsp;<\/p>\n<h4>Kajalood<\/h4>\n<p><em>Vikerraadio saade \u201eKajalood\u201c kaardistab valitud persooni s\u00fcgavamaid kihistusi, mida palja silmaga ei n\u00e4e. Saate autor on Kaja K\u00e4rner.<\/em><\/p>\n<ul>\n<li><strong>Annika Laats<\/strong>: \u201e<a href=\"https:\/\/vikerraadio.err.ee\/1609204814\/annika-laats-kuidas-hakkama-saada-kui-maailma-raskus-vajub-turjale\" target=\"_blank\" rel=\"noopener\">Kuidas hakkama saada, kui maailma raskus vajub turjale<\/a>\u201c<\/li>\n<li><a href=\"https:\/\/vikerraadio.err.ee\/arhiiv\/kajalood\" target=\"_blank\" rel=\"noopener\">K\u00f5ik Kajalood leiad siit<\/a><\/li>\n<\/ul>\n<p>&nbsp;<\/p>\n<\/div>\n<div>\n<h4>Kuula R\u00e4ndajat<\/h4>\n<p>Uinutav ja p\u00f5nev \u00fcheaegselt. Maailmar\u00e4ndur Hendrik Relve jagab oma eksootlisi reisimuljeid, mida on aastatega kogunenud omajagu.<\/p>\n<ul>\n<li><a href=\"https:\/\/vikerraadio.err.ee\/arhiiv\/kuula_randajat\" target=\"_blank\" rel=\"noopener\">Kuula R\u00e4ndajat saated alates uusimast<\/a><\/li>\n<\/ul>\n<p>&nbsp;<\/p>\n<h4>M\u00fcstiline Venemaa.<\/h4>\n<p>Totaalselt uinutav ja samas hariv.<\/p>\n<ul>\n<li><a href=\"https:\/\/vikerraadio.err.ee\/arhiiv\/mystiline_venemaa\" target=\"_blank\" rel=\"noopener\">M\u00fcstiline Venemaa saated alates uusimast<\/a><\/li>\n<\/ul>\n<p>&nbsp;<\/p>\n<\/div>\n<h4 class=\"podcast__subtitle\">Alkeemia podcast<\/h4>\n<ul>\n<li class=\"podcast__title size-defaul\"><strong>Naatan Haamer<\/strong> \u201e<a href=\"https:\/\/alkeemia.ee\/podcast\/naatan-haamer-inimkond-on-hingelises-kriisis\/\" target=\"_blank\" rel=\"noopener\">Inimkond on hingelises kriisis<\/a>\u201c<\/li>\n<li><a href=\"https:\/\/alkeemia.ee\/podcastid\/alkeemia-podcast\/\" target=\"_blank\" rel=\"noopener\">K\u00f5ik Alkeemia podcasti osad leiad siit<\/a><\/li>\n<\/ul>\n<p>&nbsp;<\/p>\n<h4>Hallo, Kosmos<\/h4>\n<p>\u201eHallo, Kosmos!\u201c oli Raadio 2 saade aastatel 2010\u20132017, mis keskendus \u00fcleloomulikkuse, esoteerika, spiritualismi, pseudoteaduste ja vanden\u00f5uteooriate valdkonda kuuluvate teemade k\u00e4sitlemisele. Saadet juhtis ajakirjanik Ingrid Peek.<\/p>\n<ul>\n<li><a href=\"https:\/\/arhiiv.err.ee\/audio\/seeria\/hallo-kosmos\" target=\"_blank\" rel=\"noopener\">Halloo, Kosmos saated alates uusimast<\/a><\/li>\n<\/ul>\n<p>&nbsp;<\/p>\n<\/div>\n<div>\n<h4>Naine Ajas<\/h4>\n<p>Ajaloolane <strong>Milvi Martina Piir<\/strong> toob kuulajateni lood inspireerivatest naistest Euroopa ajaloos.<\/p>\n<ul>\n<li>\u201e<a href=\"https:\/\/vikerraadio.err.ee\/983075\/naine-ajas-kassia\" target=\"_blank\" rel=\"noopener\">Kassia<\/a>\u201c<br \/>\n<em><em>On 9. sajand, tegevuspaigaks B\u00fctsantsi keisririigi pealinn Konstantinoopol. Eluajal saab Kassiast oma ajastu tuntuim poeet, muusik ja filosoof, p\u00e4rast surma aga p\u00fchak. Lisaks p\u00f5imivad B\u00fctsantsi kroonikud tema ja keisri \u00fcmber ebamaiselt romantilise armastusloo.<\/em><\/em><\/li>\n<li><a href=\"https:\/\/vikerraadio.err.ee\/arhiiv\/naine-ajas\" target=\"_blank\" rel=\"noopener\">K\u00f5ik Naine Ajas saated leiad siit<\/a><\/li>\n<\/ul>\n<p>&nbsp;<\/p>\n<h4>Rahu Rituaalid<\/h4>\n<p>Silmaringi laiendav ning kohati ahhetamapanev ja samas \u00e4ratundmisr\u00f5\u00f5mu pakkuv l\u00fchisari, mis r\u00e4\u00e4gib konfliktidest ja nende erinevatest lahendamise v\u00f5imalustest laias ilmas l\u00e4bi aegade. Saate autor antropoloog Jaanus Aurelius Kangur.<\/p>\n<ul>\n<li><a href=\"https:\/\/subsplash.com\/+4sfp\/lb\/ms\/+yttr68s?branding=true&amp;embed=true&amp;recentRoute=app.web-app.library.list&amp;recentRouteSlug=%2Bbm2p89g\" target=\"_blank\" rel=\"noopener\">Rahu Rituaalid saated alates uusimast<\/a><\/li>\n<\/ul>\n<p>&nbsp;<\/p>\n<h4>Naistejutud<\/h4>\n<p>Kristina Herodese autorisaade \u201eNaistejutud\u201c toob kuulajateni vestlused suhetest, tervisest ja enesearengust, mida ei kuule kusagil mujal. Eluliselt olulised teemad.<\/p>\n<ul>\n<li><strong>Andres P\u00f5hjala<\/strong>: \u201e<a href=\"https:\/\/kuku.postimees.ee\/podcast\/naistejutud\/307725\" target=\"_blank\" rel=\"noopener\">S\u00f5ltuvus on haigus, millest on v\u00f5imalik t\u00e4ielikult paraneda, aga see ei k\u00e4i s\u00fc\u00fcdistades ja keelates, vaid hoopis teist teed pidi<\/a>\u201c<\/li>\n<li><a href=\"https:\/\/kuku.postimees.ee\/podcast\/naistejutud\" target=\"_blank\" rel=\"noopener\">K\u00f5ik Naistejutud saated leiad siit<\/a><\/li>\n<\/ul>\n<p>&nbsp;<\/p>\n<h4>Plekktrumm<\/h4>\n<p>See on k\u00fcll telesaade, aga saab ka ju ilma pildita kuulata.<\/p>\n<ul>\n<li><a href=\"https:\/\/arhiiv.err.ee\/video\/vaata\/plekktrumm-ly-seppel-ehin\" target=\"_blank\" rel=\"noopener\"><strong>Ly Seppel-Ehin<\/strong><\/a> t\u00f5lkimisest ja laste ning noorte hingevalust, logoteraapiast ja muust.<\/li>\n<li><a href=\"https:\/\/arhiiv.err.ee\/video\/vaata\/plekktrumm-margus-laidre-475455\" target=\"_blank\" rel=\"noopener\"><strong>Margus Laidre <\/strong><\/a>r\u00e4\u00e4gib surmast ja armastusest ning oma raamatust \u201eArs moriandi, ars amatoria\u201c.<\/li>\n<li><a href=\"https:\/\/arhiiv.err.ee\/video\/seeria\/plekktrumm\" target=\"_blank\" rel=\"noopener\">K\u00f5ik Plektrumm saated leiad siit<\/a><\/li>\n<\/ul>\n<p>&nbsp;<\/p>\n<h4>Rokkides Sajani<\/h4>\n<p>Menopausis v\u00f5i selle veerel olevatele naistele m\u00f5eldud saatesari, mis k\u00fcll ei uinuta, aga muidu hea kuulamine on vastavale huvigrupile. <strong>Britt Normet<\/strong> ja <strong>Kaidi Klein<\/strong> v\u00f5\u00f5rustavad saatek\u00fclalisi, kes aitavad naistel 45+ s\u00e4ilitada r\u00f5\u00f5mu ja tervist.<\/p>\n<ul>\n<li><a href=\"https:\/\/www.youtube.com\/@RokkidesSajani\" target=\"_blank\" rel=\"noopener\">Rokkides Sajani saated alates uusimast<\/a><\/li>\n<\/ul>\n<p>&nbsp;<\/p>\n<h4>Roosiaed<\/h4>\n<p>Kultuurisaates \u201eRoosiaed\u201c k\u00e4sitletakse v\u00e4\u00e4rtusi, mis on kandnud aegade algusest t\u00e4nap\u00e4evani. T\u00f5deme taas &#8211; kultuuri p\u00e4risosa ja juured on kristlusega v\u00e4gagi seotud.<\/p>\n<ul>\n<li><a href=\"https:\/\/raadio7.ee\/saate-arhiiv\/roosiaed\/\" target=\"_blank\" rel=\"noopener\">Roosiaed saated alates uusimast<\/a><\/li>\n<\/ul>\n<p>&nbsp;<\/p>\n<h4>Teoloogia<\/h4>\n<ul>\n<li>Ajalik ja ajatu. <strong>Toomas Paul<\/strong> ja <strong>Jaan Lahe<\/strong>: \u201e<a href=\"https:\/\/arhiiv.err.ee\/video\/vaata\/ajalik-ja-ajatu-kuri-ja-kannatus-judaismis-kristluses-ja-islamis\" target=\"_blank\" rel=\"noopener\">Kuri ja kannatus judaismis, kristluses ja islamis<\/a>\u201c<br \/>\n<em>Kuidas suhtuvad kannatusse judaism, kristlus ja islam?<\/em><\/li>\n<li>Ajalik ja ajatu.\u00a0<strong>Toomas Paul<\/strong> ja <strong>Jaan Lahe<\/strong>: \u201e<a href=\"https:\/\/arhiiv.err.ee\/video\/vaata\/ajalik-ja-ajatu-jumalapilt-kristluses-ja-islamis\" target=\"_blank\" rel=\"noopener\">Jumalapilt islamis ja kristluses<\/a>\u201c<br \/>\n<em>Teoloog Toomas Paul ja religiooniloolane Jaan Lahe arutlevad kristluse ning islami jumalapildi \u00fcle.<\/em><\/li>\n<li>Aja Silm. <strong>Jaan Lahe<\/strong>. \u201e10 k\u00e4sku\u201c<\/li>\n<li>\u00d6\u00f6\u00fclikool. <strong>Roland Karo<\/strong> \u201e<a href=\"https:\/\/vikerraadio.err.ee\/1609538501\/ooulikool-roland-karo-kihvtid-naised-religiooniloos\" target=\"_blank\" rel=\"noopener\">Kihvtid naised religiooniloos<\/a>\u201c<br \/>\n<em>\u201eSuur osa kristlikust teoloogiast on meeste jutt teistele meestele,\u201c teab teoloog ja Tartu \u00dclikooli usuteaduskonna juhataja Roland Karo. T\u00e4na parandame selle vea ja r\u00e4\u00e4gime v\u00e4gevatest naistest religiooniloos. Juttu tuleb maailma esimesest naisest, kes juudi m\u00fcstitsismi kohaselt oli hoopis Lilit, mitte Eeva, ja m\u00f5nev\u00f5rra hilisemast kangelannast, Maarja Magdaleenast.<\/em><\/li>\n<li>\u00d6\u00f6\u00fclikool. Teoloog <strong>Vello Salo <\/strong>ja kirjanik<strong> Jaan Kaplinski<\/strong> \u201e<a href=\"https:\/\/vikerraadio.err.ee\/815369\/ooulikool-vello-salo-ja-kirjanik-jaan-kaplinski-koguja-raamatust\" target=\"_blank\" rel=\"noopener\">Koguja raamatust<\/a>\u201c<br \/>\n<em>Koguja raamat on \u00fcks Vana Testamendi tarkuseraamatutest. Kes oli Koguja raamatu autor v\u00f5i autorid, on siiani ebaselge, kuid tegemist on \u00fche m\u00f5jukaima baastekstiga kultuuriloos. Jaan Kaplinski t\u00f5lkis koost\u00f6\u00f6s Vello Saloga Koguja raamatu uuesti eesti keelde.<\/em><\/li>\n<li>Raadio 7. Raamatutund. <a href=\"https:\/\/raadio7.ee\/saated\/?sapurl=Lys0c2ZwL2xiL21zLyt3c3hyMjU5P2JyYW5kaW5nPXRydWUmZW1iZWQ9dHJ1ZSZyZWNlbnRSb3V0ZT1hcHAud2ViLWFwcC5saWJyYXJ5Lmxpc3QmcmVjZW50Um91dGVTbHVnPSUyQmJtMnA4OWc=\">Uuema evangeelsed tekstid<\/a> jm<\/li>\n<li><strong>Annika Laats<\/strong>: \u201e<a href=\"https:\/\/www.youtube.com\/watch?v=9FK5TQSTPjw\" target=\"_blank\" rel=\"noopener\">Headus ning valgus peegeldub tagasi<\/a>\u201c<\/li>\n<li><strong>Jaan Tammsalu<\/strong> <a href=\"https:\/\/raadio7.ee\/saate-arhiiv\/jaan-tammsalu-motisklus\/page\/24\/\">m\u00f5tisklused<\/a><\/li>\n<li><strong>Vikerraadio hommikum\u00f5tisklus<\/strong> on ilus algus p\u00e4evale.<br \/>\n<a href=\"https:\/\/vikerraadio.err.ee\/arhiiv\/vikerhommik\/hommikumotisklus\">Erinevad m\u00f5tisklejad leiad siit<\/a>.<\/li>\n<li>Jaan Lahe. M\u00e4ejutluse teema<\/li>\n<\/ul>\n<p>&nbsp;<\/p>\n<h4>T\u00e4henduse teejuhid<\/h4>\n<p>M\u00f5nusalt pikad arutelud ja s\u00fcvitsiminemised dialoogi vormis, r\u00e4\u00e4gitakse raamatutest ning paljust sellest, mis neist v\u00e4lja koorub. Fookuses on saatejuhile iseloomulikult teaduse ja vaimsuse puutepunkt, v\u00e4hemalt minule tundub nii. Teemad v\u00f5etakse ette s\u00fcvitsi, mida ei juhtu viimasel ajal just tihti. T\u00e4henduste teejuht on j\u00e4rjepidev meele koondaja. Ait\u00e4h, Hardo Pajula! Ja suur r\u00f5\u00f5m, et T\u00e4henduste teejuht on ka Postimehe laup\u00e4evalisa vahele vupsanud, see annab lootust, et ajakirjandus on ka kirjandus, mitte lihtsalt AI poolt kokku seatud s\u00f5nadevulin.<\/p>\n<ul>\n<li><a href=\"https:\/\/podcastid.ee\/podcast\/tahenduse-teejuhid\/\" target=\"_blank\" rel=\"noopener\">T\u00e4henduse teejuhid saated alates uusimast<\/a>.<\/li>\n<\/ul>\n<p>&nbsp;<\/p>\n<h4>Vaba Akadeemia<\/h4>\n<p>Vaba Akadeemia on \u00fchendus, mis koondab Eesti \u00f5ppej\u00f5ude, teadlasi, m\u00f5tlejaid ja \u00f5ppijaid. Akadeemial on valgustuslik eesm\u00e4rk toetada renessansit\u00fc\u00fcpi haritlaste kujunemist koosk\u00f5las vabade kunstide kontseptsiooniga.<\/p>\n<ul>\n<li><a href=\"https:\/\/www.vabaakadeemia.ee\/loengud\/toimunud-loengud\" target=\"_blank\" rel=\"noopener\">Vaba Akadeemia loengud alates uusimast<\/a>.<\/li>\n<\/ul>\n<p>&nbsp;<\/p>\n<h4>Peresaade<\/h4>\n<p>Pereterapeut Katri Saali-Saul ja tema k\u00fclalised lahkavad Vikerraadios \u00fcldinimlikke teemasid nagu konfliktid, \u00fcksindus, elur\u00f5\u00f5m, hirm, lein jne.<\/p>\n<ul>\n<li><a href=\"https:\/\/vikerraadio.err.ee\/arhiiv\/peresaade\" target=\"_blank\" rel=\"noopener\">Peresaade saated alates uusimast<\/a><\/li>\n<\/ul>\n<h4><\/h4>\n<h4>\u00dcheskoos<\/h4>\n<p><strong><span class=\"notion-enable-hover\" data-token-index=\"0\">Toimiva paarisuhte 7 p\u00f5him\u00f5tet<\/span><\/strong>. Pereraadio saade \u201e\u00dcheskoos\u201c tutvustab tunnustatud suhteeksperdi John Gottmani 7 p\u00f5him\u00f5tet, mis aitavad nii meestel kui naistel olla parem kaaslane, mis l\u00f5puks ju ikka enda hoovile tagasi tuleb, nii heas kui halvas. <!-- notionvc: 8d52898f-5a9c-4eb1-84dd-87222d0e8f81 --><\/p>\n<ul>\n<li><a href=\"https:\/\/www.pereraadio.ee\/uus\/index.php?option=com_content&amp;view=article&amp;id=8179:2026-01-05-13-57-42&amp;catid=138:ueheskoos\" target=\"_blank\" rel=\"noopener\">\u201e\u00dcheskoos\u201c saated kuulamiseks alates algusest<\/a>:\n<ul>\n<li><strong>Abielut\u00fclid<\/strong> (Karita ja Meelis Kibuspuu)<\/li>\n<li><strong>Vaimulik kasvamine paarisuhtes<\/strong> (Marge Randlepp, Allan Randlepp)<\/li>\n<li><strong>Lahendatavate probleemide lahendamine<\/strong> (Karita ja Meelis Kibuspuu)<\/li>\n<li><strong>Kohtingute \u00f5htud<\/strong> (Marge Randlepp, Allan Randlepp)<\/li>\n<li><strong>Toimetulek t\u00fc\u00fcpiliste lahendatavate probleemidega<\/strong> (Karita ja Meelis Kibuspuu)<\/li>\n<li><strong>Mis toimub teismelise peas?<\/strong> (Marge Randlepp, Allan Randlepp)<\/li>\n<li><strong>Ummikud<\/strong> (Karita ja Meelis Kibuspuu)<\/li>\n<li><strong>Kui l\u00e4hedus hakkab vaikselt kaduma<\/strong> (Marge Randlepp, Allan Randlepp)<\/li>\n<li><strong>Abielu kultuuri loomine<\/strong> (Karita ja Meelis Kibuspuu)<\/li>\n<li><strong>Kuus maagilist tundi<\/strong> (Karita ja Meelis Kibuspuu)<\/li>\n<li><strong>Suhtepaus<\/strong> (Marge Randlepp, Allan Randlepp)<\/li>\n<\/ul>\n<\/li>\n<\/ul>\n<p>&nbsp;<\/p>\n<div data-ve-view=\"\" data-hveid=\"CAIQBA\" data-ved=\"2ahUKEwiOqsyPmtSWAxUzAxAIHaipAUEQ2b4KegQIAhAE\" data-copy-service-computed-style=\"font-family: &quot;Google Sans&quot;, Arial, sans-serif; font-size: 14px; font-weight: 400; margin: 0px; text-decoration: none; border-bottom: 0px rgb(31, 31, 31);\">\n<div class=\"Pqkn2e\" data-ved=\"2ahUKEwiOqsyPmtSWAxUzAxAIHaipAUEQ274KegQIAhAF\" data-copy-service-computed-style=\"font-family: Arial, sans-serif; font-size: 16px; font-weight: 400; margin: 0px; text-decoration: none; border-bottom: 0px rgb(31, 31, 31);\">\n<div class=\"jloFI GkDqAd\" data-copy-service-computed-style=\"font-family: &quot;Google Sans&quot;, Arial, sans-serif; font-size: 16px; font-weight: 400; margin: 0px; text-decoration: none; border-bottom: 0px rgb(0, 29, 53);\">\n<div data-hveid=\"CAIQBg\" data-ved=\"2ahUKEwiOqsyPmtSWAxUzAxAIHaipAUEQ7uAMegQIAhAG\" data-complete=\"true\" data-copy-service-computed-style=\"font-family: &quot;Google Sans&quot;, Arial, sans-serif; font-size: 16px; font-weight: 400; margin: 0px; text-decoration: none; border-bottom: 0px rgb(0, 29, 53);\">\n<div data-complete=\"true\" data-copy-service-computed-style=\"font-family: &quot;Google Sans&quot;, Arial, sans-serif; font-size: 16px; font-weight: 400; margin: 0px; text-decoration: none; border-bottom: 0px rgb(0, 29, 53);\">\n<div data-copy-service-computed-style=\"font-family: &quot;Google Sans&quot;, Arial, sans-serif; font-size: 16px; font-weight: 400; margin: 0px; text-decoration: none; border-bottom: 0px rgb(0, 29, 53);\">\n<div data-copy-service-computed-style=\"font-family: &quot;Google Sans&quot;, Arial, sans-serif; font-size: 16px; font-weight: 400; margin: 0px; text-decoration: none; border-bottom: 0px rgb(0, 29, 53);\">\n<div class=\"LT6XE\" data-copy-service-computed-style=\"font-family: &quot;Google Sans&quot;, Arial, sans-serif; font-size: 16px; font-weight: 400; margin: 0px; text-decoration: none; border-bottom: 0px rgb(10, 10, 10);\">\n<div class=\"RJPOee EIJn2\" data-copy-service-computed-style=\"font-family: &quot;Google Sans&quot;, Arial, sans-serif; font-size: 16px; font-weight: 400; margin: 0px; text-decoration: none; border-bottom: 0px rgb(10, 10, 10);\">\n<div class=\"pOOWX\" data-rl=\"en\" data-copy-service-computed-style=\"font-family: &quot;Google Sans&quot;, Arial, sans-serif; font-size: 16px; font-weight: 400; margin: 0px; text-decoration: none; border-bottom: 0px rgb(10, 10, 10);\">\n<div data-copy-service-computed-style=\"font-family: &quot;Google Sans&quot;, Arial, sans-serif; font-size: 16px; font-weight: 400; margin: 0px; text-decoration: none; border-bottom: 0px rgb(10, 10, 10);\">\n<section data-copy-service-computed-style=\"font-family: &quot;Google Sans&quot;, Arial, sans-serif; font-size: 16px; font-weight: 400; margin: 0px; text-decoration: none; border-bottom: 0px rgb(10, 10, 10);\">\n<div data-host-wiz-contract-name=\"gws_wizbind\" data-sc=\"1\" data-complete=\"true\" data-copy-service-computed-style=\"font-family: &quot;Google Sans&quot;, Arial, sans-serif; font-size: 16px; font-weight: 400; margin: 0px; text-decoration: none; border-bottom: 0px rgb(10, 10, 10);\">\n<div id=\"_kViaas6dIrOGwPAPqNOGiAQ_2\" data-copy-service-computed-style=\"font-family: &quot;Google Sans&quot;, Arial, sans-serif; font-size: 16px; font-weight: 400; margin: 0px; text-decoration: none; border-bottom: 0px rgb(10, 10, 10);\">\n<div class=\"qRuFed\" data-copy-service-computed-style=\"font-family: &quot;Google Sans&quot;, Arial, sans-serif; font-size: 16px; font-weight: 400; margin: 0px; text-decoration: none; border-bottom: 0px rgb(10, 10, 10);\">\n<div class=\"CKgc1d\" data-scope-id=\"turn\" data-sfc-root=\"ep\" data-complete=\"true\" data-copy-service-computed-style=\"font-family: &quot;Google Sans&quot;, Arial, sans-serif; font-size: 16px; font-weight: 400; margin: 0px; text-decoration: none; border-bottom: 0px rgb(10, 10, 10);\">\n<div data-subtree=\"aimc\" data-sfc-cp=\"\" data-sfc-root=\"c\" data-complete=\"true\" data-copy-service-computed-style=\"font-family: &quot;Google Sans&quot;, Arial, sans-serif; font-size: 16px; font-weight: 400; margin: 0px; text-decoration: none; border-bottom: 0px rgb(10, 10, 10);\">\n<div class=\"FkX2oe\" dir=\"ltr\" data-sfc-root=\"ep\" data-wiz-uids=\"MiGoxf_2\" data-ctx-provider=\"[[[&quot;b9Q7he&quot;,&quot;[{\\&quot;s\\&quot;:3,\\&quot;i\\&quot;:\\&quot;MiGoxf_1\/LL5gb\\&quot;}]&quot;],[&quot;dMtGDc&quot;,&quot;[false]&quot;]]]\" data-ved=\"2ahUKEwjes8SPmtSWAxXtU1UIHVKIJrwQ2O0OegoIAggACAAIAhAA\" data-hveid=\"CAIIAAgACAIQAA\" data-sfc-inited=\"2\" data-complete=\"true\" data-copy-service-computed-style=\"font-family: &quot;Google Sans&quot;, Arial, sans-serif; font-size: 16px; font-weight: 400; margin: 0px; text-decoration: none; border-bottom: 0px rgb(10, 10, 10);\">\n<div class=\"pWvJNd j2luwe\" data-sfc-root=\"ep\" data-complete=\"true\" data-copy-service-computed-style=\"font-family: &quot;Google Sans&quot;, Arial, sans-serif; font-size: 16px; font-weight: 400; margin: 0px; text-decoration: none; border-bottom: 0px rgb(10, 10, 10);\">\n<div data-sfc-root=\"ep\" data-complete=\"true\" data-copy-service-computed-style=\"font-family: &quot;Google Sans&quot;, Arial, sans-serif; font-size: 16px; font-weight: 400; margin: 0px; text-decoration: none; border-bottom: 0px rgb(10, 10, 10);\"><!--TgQPHd|||[]--><\/div>\n<div class=\"mZJni Dn7Fzd\" dir=\"ltr\" data-container-id=\"main-col\" data-xid=\"VpUvz\" data-sfc-root=\"ep\" data-ctx-provider=\"[[[&quot;dMtGDc&quot;,&quot;[false]&quot;]]]\" data-ved=\"2ahUKEwjes8SPmtSWAxXtU1UIHVKIJrwQ3KYQegoIAggACAAIAhAB\" data-sfc-inited=\"2\" data-copy-service-computed-style=\"font-family: &quot;Google Sans&quot;, Arial, sans-serif; font-size: 16px; font-weight: 400; margin: 0px; text-decoration: none; border-bottom: 0px rgb(10, 10, 10);\">\n<h4 class=\"n6owBd awi2gc\" data-sfc-root=\"ep\" data-hveid=\"CAIIAAgACAcQAA\" data-complete=\"true\" data-copy-service-computed-style=\"font-family: &quot;Google Sans&quot;, Arial, sans-serif; font-size: 16px; font-weight: 400; margin: 0px 0px 16px; text-decoration: none; border-bottom: 0px rgb(10, 10, 10);\"><strong class=\"rQesXe MPyX\" data-sfc-cp=\"\" data-sfc-root=\"ep\" data-complete=\"true\" data-copy-service-computed-style=\"font-family: &quot;Google Sans&quot;, Arial, sans-serif; font-size: 16px; font-weight: 700; margin: 0px; text-decoration: none; border-bottom: 0px rgb(10, 10, 10);\">Eckhart Tolle<\/strong><\/h4>\n<p>Inglise keelne kuulamine sattus siiski sekka. Eckhart Tolle on kuulsa \u201eSiina ja praegu\u201c raamatu autor ning suur hetkes elamise kunstnik. Mind tema tagasihoidlik ja omamoodi humoorikas esinemislaad maandavad.<\/p>\n<ul>\n<li class=\"n6owBd awi2gc\" data-sfc-root=\"ep\" data-hveid=\"CAIIAAgACAcQAA\" data-complete=\"true\" data-copy-service-computed-style=\"font-family: &quot;Google Sans&quot;, Arial, sans-serif; font-size: 16px; font-weight: 400; margin: 0px 0px 16px; text-decoration: none; border-bottom: 0px rgb(10, 10, 10);\">\u201e<a href=\"https:\/\/open.spotify.com\/track\/5tp8vU1RzaCobeWjS0tA2J\" target=\"_blank\" rel=\"noopener\">The End of Struggling<\/a>\u201c<strong class=\"rQesXe MPyX\" data-sfc-cp=\"\" data-sfc-root=\"ep\" data-complete=\"true\" data-copy-service-computed-style=\"font-family: &quot;Google Sans&quot;, Arial, sans-serif; font-size: 16px; font-weight: 700; margin: 0px; text-decoration: none; border-bottom: 0px rgb(10, 10, 10);\"><!--TgQPHd|||[]--><\/strong><\/li>\n<li data-sfc-root=\"ep\" data-hveid=\"CAIIAAgACAcQAA\" data-complete=\"true\" data-copy-service-computed-style=\"font-family: &quot;Google Sans&quot;, Arial, sans-serif; font-size: 16px; font-weight: 400; margin: 0px 0px 16px; text-decoration: none; border-bottom: 0px rgb(10, 10, 10);\">\u201e<a href=\"https:\/\/open.spotify.com\/album\/4YOwt5wpqB4GBz7MBYwxgx\" target=\"_blank\" rel=\"noopener\">Awareness That Alleviates Suffering<\/a>\u201c<\/li>\n<\/ul>\n<div data-sfc-cp=\"\" data-sfc-root=\"ep\" data-hveid=\"CAIIAAgACAcQAA\" data-complete=\"true\" data-copy-service-computed-style=\"font-family: &quot;Google Sans&quot;, Arial, sans-serif; font-size: 16px; font-weight: 400; margin: 0px 0px 16px; text-decoration: none; border-bottom: 0px rgb(10, 10, 10);\"><\/div>\n<\/div>\n<\/div>\n<\/div>\n<\/div>\n<\/div>\n<\/div>\n<\/div>\n<\/div>\n<\/section>\n<\/div>\n<\/div>\n<\/div>\n<\/div>\n<\/div>\n<\/div>\n<\/div>\n<\/div>\n<\/div>\n<\/div>\n<\/div>\n<\/div>\n<div>\n<h4>Arvo P\u00e4rdi muusikalised tervitused<\/h4>\n<p>Arvo P\u00e4rdi keskuse poolt salvestatud muusikalised tervitused on omalaadsed v\u00e4ikevormid, mis P\u00e4rdi poolt loodud eesm\u00e4rgiga \u00f5nnitleda, tervitada v\u00f5i t\u00e4nada. Tervituste esitajaiks on Arvo P\u00e4rt, Maarja Tyler ja Karin R\u00f5ngelep, vokaalansambel Vox Clamantis Jaan-Eik Tulve dirigeerimisel ning Tallinna Kammerorkester T\u00f5nu Kaljuste juhatusel.<\/p>\n<ul>\n<li><a href=\"https:\/\/www.arvopart.ee\/tervitused\/\">Tervitus \u201eIguumenja Varvara\u201c (Vox Clamantis, Jaan-Eik Tulve)<\/a><\/li>\n<li><a href=\"https:\/\/www.arvopart.ee\/tervitused\/\">K\u00f5ik Arvo P\u00e4rdi tervitused leiad siit<\/a><\/li>\n<\/ul>\n<p>&nbsp;<\/p>\n<h4>Unelaul<\/h4>\n<p>L\u00f5ppu <strong><a href=\"https:\/\/www.youtube.com\/watch?v=qYnA9wWFHLI\" target=\"_blank\" rel=\"noopener\">unelugu<\/a><\/strong>, teaduslikult t\u00f5estatud meeli rahustav muusika:<\/p>\n<\/div>\n<div><a href=\"https:\/\/tuub.ee\/wp-content\/uploads\/2026\/09\/Marconi-Unioni-scaled.png\" target=\"_blank\" rel=\"noopener\"><img loading=\"lazy\" decoding=\"async\" class=\"wp-image-64903 aligncenter\" src=\"https:\/\/tuub.ee\/wp-content\/uploads\/2026\/09\/Marconi-Unioni-250x140.png\" alt=\"\" width=\"936\" height=\"524\" srcset=\"https:\/\/tuub.ee\/wp-content\/uploads\/2026\/09\/Marconi-Unioni-250x140.png 250w, https:\/\/tuub.ee\/wp-content\/uploads\/2026\/09\/Marconi-Unioni-700x391.png 700w, https:\/\/tuub.ee\/wp-content\/uploads\/2026\/09\/Marconi-Unioni-768x429.png 768w, https:\/\/tuub.ee\/wp-content\/uploads\/2026\/09\/Marconi-Unioni-120x67.png 120w, https:\/\/tuub.ee\/wp-content\/uploads\/2026\/09\/Marconi-Unioni-300x167.png 300w, https:\/\/tuub.ee\/wp-content\/uploads\/2026\/09\/Marconi-Unioni-600x335.png 600w\" sizes=\"auto, (max-width: 936px) 100vw, 936px\" \/><\/a><\/div>\n<div>\n<div><\/div>\n<\/div>\n","protected":false},"excerpt":{"rendered":"ehk TUUBi Tiiu jagab oma lemmikuid raadiosaateid ja taskuh\u00e4\u00e4linguid Allolev on saanud kirja soovist koondada kokku m\u00f5nusad ja enamasti ka horisonti avardavad eestikeelsed jutusaated. L\u00f5pust leiab ka pisut uinutavat muusikat. Nimelt m\u00f5ned aastad tagasi me hakkasime s\u00f5pradega omavahel soovitama head kuulamist ja n\u00f5nda s\u00fcndis blogipostituse idee &#8211; esmalt enese p\u00e4rast, kuid lootes, et teised unetud [&hellip;]","protected":false},"author":12293,"featured_media":64898,"comment_status":"open","ping_status":"open","sticky":false,"template":"","format":"standard","meta":{"_acf_changed":false,"inline_featured_image":false,"footnotes":""},"categories":[1],"tags":[],"class_list":["post-64846","post","type-post","status-publish","format-standard","has-post-thumbnail","hentry","category-tuub"],"acf":[],"yoast_head":"<!-- This site is optimized with the Yoast SEO plugin v28.3 - https:\/\/yoast.com\/product\/yoast-seo-wordpress\/ -->\n<title>Unejutud - TUUB \u2013 Sinu igap\u00e4evane kaaslane<\/title>\n<meta name=\"robots\" content=\"index, follow, max-snippet:-1, max-image-preview:large, max-video-preview:-1\" \/>\n<link rel=\"canonical\" href=\"https:\/\/tuub.ee\/et\/ohtujutud\/\" \/>\n<meta property=\"og:locale\" content=\"et_EE\" \/>\n<meta property=\"og:type\" content=\"article\" \/>\n<meta property=\"og:title\" content=\"Unejutud - TUUB \u2013 Sinu igap\u00e4evane kaaslane\" \/>\n<meta property=\"og:description\" content=\"ehk TUUBi Tiiu jagab oma lemmikuid raadiosaateid ja taskuh\u00e4\u00e4linguid Allolev on saanud kirja soovist koondada kokku m\u00f5nusad ja enamasti ka horisonti avardavad eestikeelsed jutusaated. L\u00f5pust leiab ka pisut uinutavat muusikat. Nimelt m\u00f5ned aastad tagasi me hakkasime s\u00f5pradega omavahel soovitama head kuulamist ja n\u00f5nda s\u00fcndis blogipostituse idee &#8211; esmalt enese p\u00e4rast, kuid lootes, et teised unetud [&hellip;]\" \/>\n<meta property=\"og:url\" content=\"https:\/\/tuub.ee\/et\/ohtujutud\/\" \/>\n<meta property=\"og:site_name\" content=\"TUUB \u2013 Sinu igap\u00e4evane kaaslane\" \/>\n<meta property=\"article:published_time\" content=\"2026-09-04T05:57:07+00:00\" \/>\n<meta property=\"article:modified_time\" content=\"2026-09-04T22:18:24+00:00\" \/>\n<meta property=\"og:image\" content=\"https:\/\/tuub.ee\/wp-content\/uploads\/2026\/09\/TUUBi-Tiiu-unejutud.png\" \/>\n\t<meta property=\"og:image:width\" content=\"1993\" \/>\n\t<meta property=\"og:image:height\" content=\"1410\" \/>\n\t<meta property=\"og:image:type\" content=\"image\/png\" \/>\n<meta name=\"author\" content=\"Reneli Tikerpuu\" \/>\n<meta name=\"twitter:card\" content=\"summary_large_image\" \/>\n<meta name=\"twitter:label1\" content=\"Kirjutanud\" \/>\n\t<meta name=\"twitter:data1\" content=\"Reneli Tikerpuu\" \/>\n\t<meta name=\"twitter:label2\" content=\"Eeldatav lugemisaeg\" \/>\n\t<meta name=\"twitter:data2\" content=\"8 minutit\" \/>\n<script type=\"application\/ld+json\" class=\"yoast-schema-graph\">{\"@context\":\"https:\\\/\\\/schema.org\",\"@graph\":[{\"@type\":\"Article\",\"@id\":\"https:\\\/\\\/tuub.ee\\\/et\\\/ohtujutud\\\/#article\",\"isPartOf\":{\"@id\":\"https:\\\/\\\/tuub.ee\\\/et\\\/ohtujutud\\\/\"},\"author\":{\"name\":\"Reneli Tikerpuu\",\"@id\":\"https:\\\/\\\/tuub.ee\\\/et\\\/#\\\/schema\\\/person\\\/e771629ad5210318131a4684062a4bd8\"},\"headline\":\"Unejutud\",\"datePublished\":\"2026-09-04T05:57:07+00:00\",\"dateModified\":\"2026-09-04T22:18:24+00:00\",\"mainEntityOfPage\":{\"@id\":\"https:\\\/\\\/tuub.ee\\\/et\\\/ohtujutud\\\/\"},\"wordCount\":1578,\"commentCount\":0,\"image\":{\"@id\":\"https:\\\/\\\/tuub.ee\\\/et\\\/ohtujutud\\\/#primaryimage\"},\"thumbnailUrl\":\"https:\\\/\\\/tuub.ee\\\/wp-content\\\/uploads\\\/2026\\\/09\\\/TUUBi-Tiiu-unejutud.png\",\"articleSection\":[\"Tuub\"],\"inLanguage\":\"et\",\"potentialAction\":[{\"@type\":\"CommentAction\",\"name\":\"Comment\",\"target\":[\"https:\\\/\\\/tuub.ee\\\/et\\\/ohtujutud\\\/#respond\"]}]},{\"@type\":\"WebPage\",\"@id\":\"https:\\\/\\\/tuub.ee\\\/et\\\/ohtujutud\\\/\",\"url\":\"https:\\\/\\\/tuub.ee\\\/et\\\/ohtujutud\\\/\",\"name\":\"Unejutud - TUUB \u2013 Sinu igap\u00e4evane kaaslane\",\"isPartOf\":{\"@id\":\"https:\\\/\\\/tuub.ee\\\/et\\\/#website\"},\"primaryImageOfPage\":{\"@id\":\"https:\\\/\\\/tuub.ee\\\/et\\\/ohtujutud\\\/#primaryimage\"},\"image\":{\"@id\":\"https:\\\/\\\/tuub.ee\\\/et\\\/ohtujutud\\\/#primaryimage\"},\"thumbnailUrl\":\"https:\\\/\\\/tuub.ee\\\/wp-content\\\/uploads\\\/2026\\\/09\\\/TUUBi-Tiiu-unejutud.png\",\"datePublished\":\"2026-09-04T05:57:07+00:00\",\"dateModified\":\"2026-09-04T22:18:24+00:00\",\"author\":{\"@id\":\"https:\\\/\\\/tuub.ee\\\/et\\\/#\\\/schema\\\/person\\\/e771629ad5210318131a4684062a4bd8\"},\"breadcrumb\":{\"@id\":\"https:\\\/\\\/tuub.ee\\\/et\\\/ohtujutud\\\/#breadcrumb\"},\"inLanguage\":\"et\",\"potentialAction\":[{\"@type\":\"ReadAction\",\"target\":[\"https:\\\/\\\/tuub.ee\\\/et\\\/ohtujutud\\\/\"]}]},{\"@type\":\"ImageObject\",\"inLanguage\":\"et\",\"@id\":\"https:\\\/\\\/tuub.ee\\\/et\\\/ohtujutud\\\/#primaryimage\",\"url\":\"https:\\\/\\\/tuub.ee\\\/wp-content\\\/uploads\\\/2026\\\/09\\\/TUUBi-Tiiu-unejutud.png\",\"contentUrl\":\"https:\\\/\\\/tuub.ee\\\/wp-content\\\/uploads\\\/2026\\\/09\\\/TUUBi-Tiiu-unejutud.png\",\"width\":1993,\"height\":1410,\"caption\":\"TUUBi Tiiu unejutud\"},{\"@type\":\"BreadcrumbList\",\"@id\":\"https:\\\/\\\/tuub.ee\\\/et\\\/ohtujutud\\\/#breadcrumb\",\"itemListElement\":[{\"@type\":\"ListItem\",\"position\":1,\"name\":\"Home\",\"item\":\"https:\\\/\\\/tuub.ee\\\/et\\\/\"},{\"@type\":\"ListItem\",\"position\":2,\"name\":\"Unejutud\"}]},{\"@type\":\"WebSite\",\"@id\":\"https:\\\/\\\/tuub.ee\\\/et\\\/#website\",\"url\":\"https:\\\/\\\/tuub.ee\\\/et\\\/\",\"name\":\"TUUB \u2013 Sinu igap\u00e4evane kaaslane\",\"description\":\"\",\"potentialAction\":[{\"@type\":\"SearchAction\",\"target\":{\"@type\":\"EntryPoint\",\"urlTemplate\":\"https:\\\/\\\/tuub.ee\\\/et\\\/?s={search_term_string}\"},\"query-input\":{\"@type\":\"PropertyValueSpecification\",\"valueRequired\":true,\"valueName\":\"search_term_string\"}}],\"inLanguage\":\"et\"},{\"@type\":\"Person\",\"@id\":\"https:\\\/\\\/tuub.ee\\\/et\\\/#\\\/schema\\\/person\\\/e771629ad5210318131a4684062a4bd8\",\"name\":\"Reneli Tikerpuu\",\"image\":{\"@type\":\"ImageObject\",\"inLanguage\":\"et\",\"@id\":\"https:\\\/\\\/secure.gravatar.com\\\/avatar\\\/5942a43a3b431b16e20a24f54fa7afaf4b37db13db771dc726f96508840550ea?s=96&d=mm&r=g\",\"url\":\"https:\\\/\\\/secure.gravatar.com\\\/avatar\\\/5942a43a3b431b16e20a24f54fa7afaf4b37db13db771dc726f96508840550ea?s=96&d=mm&r=g\",\"contentUrl\":\"https:\\\/\\\/secure.gravatar.com\\\/avatar\\\/5942a43a3b431b16e20a24f54fa7afaf4b37db13db771dc726f96508840550ea?s=96&d=mm&r=g\",\"caption\":\"Reneli Tikerpuu\"},\"sameAs\":[\"http:\\\/\\\/www.virtuaalassistendid.ee\"],\"url\":\"https:\\\/\\\/tuub.ee\\\/et\\\/author\\\/reneli2026\\\/\"}]}<\/script>\n<!-- \/ Yoast SEO plugin. -->","yoast_head_json":{"title":"Unejutud - TUUB \u2013 Sinu igap\u00e4evane kaaslane","robots":{"index":"index","follow":"follow","max-snippet":"max-snippet:-1","max-image-preview":"max-image-preview:large","max-video-preview":"max-video-preview:-1"},"canonical":"https:\/\/tuub.ee\/et\/ohtujutud\/","og_locale":"et_EE","og_type":"article","og_title":"Unejutud - TUUB \u2013 Sinu igap\u00e4evane kaaslane","og_description":"ehk TUUBi Tiiu jagab oma lemmikuid raadiosaateid ja taskuh\u00e4\u00e4linguid Allolev on saanud kirja soovist koondada kokku m\u00f5nusad ja enamasti ka horisonti avardavad eestikeelsed jutusaated. L\u00f5pust leiab ka pisut uinutavat muusikat. Nimelt m\u00f5ned aastad tagasi me hakkasime s\u00f5pradega omavahel soovitama head kuulamist ja n\u00f5nda s\u00fcndis blogipostituse idee &#8211; esmalt enese p\u00e4rast, kuid lootes, et teised unetud [&hellip;]","og_url":"https:\/\/tuub.ee\/et\/ohtujutud\/","og_site_name":"TUUB \u2013 Sinu igap\u00e4evane kaaslane","article_published_time":"2026-09-04T05:57:07+00:00","article_modified_time":"2026-09-04T22:18:24+00:00","og_image":[{"width":1993,"height":1410,"url":"https:\/\/tuub.ee\/wp-content\/uploads\/2026\/09\/TUUBi-Tiiu-unejutud.png","type":"image\/png"}],"author":"Reneli Tikerpuu","twitter_card":"summary_large_image","twitter_misc":{"Kirjutanud":"Reneli Tikerpuu","Eeldatav lugemisaeg":"8 minutit"},"schema":{"@context":"https:\/\/schema.org","@graph":[{"@type":"Article","@id":"https:\/\/tuub.ee\/et\/ohtujutud\/#article","isPartOf":{"@id":"https:\/\/tuub.ee\/et\/ohtujutud\/"},"author":{"name":"Reneli Tikerpuu","@id":"https:\/\/tuub.ee\/et\/#\/schema\/person\/e771629ad5210318131a4684062a4bd8"},"headline":"Unejutud","datePublished":"2026-09-04T05:57:07+00:00","dateModified":"2026-09-04T22:18:24+00:00","mainEntityOfPage":{"@id":"https:\/\/tuub.ee\/et\/ohtujutud\/"},"wordCount":1578,"commentCount":0,"image":{"@id":"https:\/\/tuub.ee\/et\/ohtujutud\/#primaryimage"},"thumbnailUrl":"https:\/\/tuub.ee\/wp-content\/uploads\/2026\/09\/TUUBi-Tiiu-unejutud.png","articleSection":["Tuub"],"inLanguage":"et","potentialAction":[{"@type":"CommentAction","name":"Comment","target":["https:\/\/tuub.ee\/et\/ohtujutud\/#respond"]}]},{"@type":"WebPage","@id":"https:\/\/tuub.ee\/et\/ohtujutud\/","url":"https:\/\/tuub.ee\/et\/ohtujutud\/","name":"Unejutud - TUUB \u2013 Sinu igap\u00e4evane kaaslane","isPartOf":{"@id":"https:\/\/tuub.ee\/et\/#website"},"primaryImageOfPage":{"@id":"https:\/\/tuub.ee\/et\/ohtujutud\/#primaryimage"},"image":{"@id":"https:\/\/tuub.ee\/et\/ohtujutud\/#primaryimage"},"thumbnailUrl":"https:\/\/tuub.ee\/wp-content\/uploads\/2026\/09\/TUUBi-Tiiu-unejutud.png","datePublished":"2026-09-04T05:57:07+00:00","dateModified":"2026-09-04T22:18:24+00:00","author":{"@id":"https:\/\/tuub.ee\/et\/#\/schema\/person\/e771629ad5210318131a4684062a4bd8"},"breadcrumb":{"@id":"https:\/\/tuub.ee\/et\/ohtujutud\/#breadcrumb"},"inLanguage":"et","potentialAction":[{"@type":"ReadAction","target":["https:\/\/tuub.ee\/et\/ohtujutud\/"]}]},{"@type":"ImageObject","inLanguage":"et","@id":"https:\/\/tuub.ee\/et\/ohtujutud\/#primaryimage","url":"https:\/\/tuub.ee\/wp-content\/uploads\/2026\/09\/TUUBi-Tiiu-unejutud.png","contentUrl":"https:\/\/tuub.ee\/wp-content\/uploads\/2026\/09\/TUUBi-Tiiu-unejutud.png","width":1993,"height":1410,"caption":"TUUBi Tiiu unejutud"},{"@type":"BreadcrumbList","@id":"https:\/\/tuub.ee\/et\/ohtujutud\/#breadcrumb","itemListElement":[{"@type":"ListItem","position":1,"name":"Home","item":"https:\/\/tuub.ee\/et\/"},{"@type":"ListItem","position":2,"name":"Unejutud"}]},{"@type":"WebSite","@id":"https:\/\/tuub.ee\/et\/#website","url":"https:\/\/tuub.ee\/et\/","name":"TUUB \u2013 Sinu igap\u00e4evane kaaslane","description":"","potentialAction":[{"@type":"SearchAction","target":{"@type":"EntryPoint","urlTemplate":"https:\/\/tuub.ee\/et\/?s={search_term_string}"},"query-input":{"@type":"PropertyValueSpecification","valueRequired":true,"valueName":"search_term_string"}}],"inLanguage":"et"},{"@type":"Person","@id":"https:\/\/tuub.ee\/et\/#\/schema\/person\/e771629ad5210318131a4684062a4bd8","name":"Reneli Tikerpuu","image":{"@type":"ImageObject","inLanguage":"et","@id":"https:\/\/secure.gravatar.com\/avatar\/5942a43a3b431b16e20a24f54fa7afaf4b37db13db771dc726f96508840550ea?s=96&d=mm&r=g","url":"https:\/\/secure.gravatar.com\/avatar\/5942a43a3b431b16e20a24f54fa7afaf4b37db13db771dc726f96508840550ea?s=96&d=mm&r=g","contentUrl":"https:\/\/secure.gravatar.com\/avatar\/5942a43a3b431b16e20a24f54fa7afaf4b37db13db771dc726f96508840550ea?s=96&d=mm&r=g","caption":"Reneli Tikerpuu"},"sameAs":["http:\/\/www.virtuaalassistendid.ee"],"url":"https:\/\/tuub.ee\/et\/author\/reneli2026\/"}]}},"_links":{"self":[{"href":"https:\/\/tuub.ee\/et\/wp-json\/wp\/v2\/posts\/64846","targetHints":{"allow":["GET"]}}],"collection":[{"href":"https:\/\/tuub.ee\/et\/wp-json\/wp\/v2\/posts"}],"about":[{"href":"https:\/\/tuub.ee\/et\/wp-json\/wp\/v2\/types\/post"}],"author":[{"embeddable":true,"href":"https:\/\/tuub.ee\/et\/wp-json\/wp\/v2\/users\/12293"}],"replies":[{"embeddable":true,"href":"https:\/\/tuub.ee\/et\/wp-json\/wp\/v2\/comments?post=64846"}],"version-history":[{"count":63,"href":"https:\/\/tuub.ee\/et\/wp-json\/wp\/v2\/posts\/64846\/revisions"}],"predecessor-version":[{"id":64990,"href":"https:\/\/tuub.ee\/et\/wp-json\/wp\/v2\/posts\/64846\/revisions\/64990"}],"wp:featuredmedia":[{"embeddable":true,"href":"https:\/\/tuub.ee\/et\/wp-json\/wp\/v2\/media\/64898"}],"wp:attachment":[{"href":"https:\/\/tuub.ee\/et\/wp-json\/wp\/v2\/media?parent=64846"}],"wp:term":[{"taxonomy":"category","embeddable":true,"href":"https:\/\/tuub.ee\/et\/wp-json\/wp\/v2\/categories?post=64846"},{"taxonomy":"post_tag","embeddable":true,"href":"https:\/\/tuub.ee\/et\/wp-json\/wp\/v2\/tags?post=64846"}],"curies":[{"name":"wp","href":"https:\/\/api.w.org\/{rel}","templated":true}]}}